{"id":116,"date":"2012-08-02T22:24:55","date_gmt":"2012-08-02T22:24:55","guid":{"rendered":"http:\/\/c3.usac.edu.gt\/jardinbotanico.usac.edu.gt\/public_html\/?p=116"},"modified":"2013-01-25T22:16:14","modified_gmt":"2013-01-25T22:16:14","slug":"los-senderos-del-jardin-botanico-2","status":"publish","type":"post","link":"https:\/\/jardinbotanico.usac.edu.gt\/?p=116","title":{"rendered":"Los senderos del Jard\u00edn Bot\u00e1nico"},"content":{"rendered":"<div id=\"fb-root\"><\/div>\n<p><script type=\"text\/javascript\">\/\/ <![CDATA[\n(function(d, s, id) {\n  var js, fjs = d.getElementsByTagName(s)[0];\n  if (d.getElementById(id)) return;\n  js = d.createElement(s); js.id = id;\n  js.src = \"\/\/connect.facebook.net\/es_LA\/all.js#xfbml=1\";\n  fjs.parentNode.insertBefore(js, fjs);\n}(document, 'script', 'facebook-jssdk'));\n\/\/ ]]><\/script><\/p>\n<div id=\"fb-root\"><\/div>\n<p><script>(function(d, s, id) {\n  var js, fjs = d.getElementsByTagName(s)[0];\n  if (d.getElementById(id)) return;\n  js = d.createElement(s); js.id = id;\n  js.src = \"\/\/connect.facebook.net\/es_LA\/all.js#xfbml=1\";\n  fjs.parentNode.insertBefore(js, fjs);\n}(document, 'script', 'facebook-jssdk'));<\/script><\/p>\n<p>Caminar en los senderos del Jard\u00edn permite admirar el espacio natural en medio de la ciudad, donde se albergan especies de \u00e1rboles de gran inter\u00e9s y adem\u00e1s es el refugio perfecto para aves. \u00a0La caminata invita a un momento de relajaci\u00f3n en medio de la rutina diaria. \u00a0 Ven a experimentarlo!!!!!<\/p>\n<p><object width=\"288\" height=\"192\" classid=\"clsid:d27cdb6e-ae6d-11cf-96b8-444553540000\" codebase=\"http:\/\/download.macromedia.com\/pub\/shockwave\/cabs\/flash\/swflash.cab#version=6,0,40,0\"><param name=\"src\" value=\"https:\/\/picasaweb.google.com\/s\/c\/bin\/slideshow.swf\" \/><param name=\"flashvars\" value=\"host=picasaweb.google.com&amp;hl=es&amp;feat=flashalbum&amp;RGB=0x000000&amp;feed=https%3A%2F%2Fpicasaweb.google.com%2Fdata%2Ffeed%2Fapi%2Fuser%2F104908592237892859693%2Falbumid%2F5772198444907522113%3Falt%3Drss%26kind%3Dphoto%26hl%3Des\" \/><param name=\"pluginspage\" value=\"http:\/\/www.macromedia.com\/go\/getflashplayer\" \/><embed width=\"288\" height=\"192\" type=\"application\/x-shockwave-flash\" src=\"https:\/\/picasaweb.google.com\/s\/c\/bin\/slideshow.swf\" flashvars=\"host=picasaweb.google.com&amp;hl=es&amp;feat=flashalbum&amp;RGB=0x000000&amp;feed=https%3A%2F%2Fpicasaweb.google.com%2Fdata%2Ffeed%2Fapi%2Fuser%2F104908592237892859693%2Falbumid%2F5772198444907522113%3Falt%3Drss%26kind%3Dphoto%26hl%3Des\" pluginspage=\"http:\/\/www.macromedia.com\/go\/getflashplayer\" \/><\/object><\/p>\n<div class=\"fb-send\" data-href=\"http:\/\/example.com\"><\/div>\n<div class=\"fb-like\" data-href=\"http:\/\/c3.usac.edu.gt\/jardinbotanico.usac.edu.gt\/public_html\/wp-admin\/post.php?post=116&amp;action=edit\" data-send=\"false\" data-layout=\"box_count\" data-width=\"450\" data-show-faces=\"true\"><\/div>\n","protected":false},"excerpt":{"rendered":"<p>Caminar en los senderos del Jard\u00edn permite admirar el espacio natural en medio de la ciudad, donde se albergan especies de \u00e1rboles de gran inter\u00e9s y adem\u00e1s es el refugio perfecto para aves. \u00a0La caminata invita a un momento de relajaci\u00f3n en medio de la rutina diaria. \u00a0 Ven a experimentarlo!!!!!<\/p>\n","protected":false},"author":1,"featured_media":0,"comment_status":"open","ping_status":"open","sticky":false,"template":"","format":"gallery","meta":{"footnotes":""},"categories":[1],"tags":[21],"class_list":{"0":"post-116","1":"post","2":"type-post","3":"status-publish","4":"format-gallery","6":"category-publicaciones","7":"tag-galeria-fotografica-del-jardin-botanico","8":"post_format-post-format-gallery","9":"czr-hentry"},"_links":{"self":[{"href":"https:\/\/jardinbotanico.usac.edu.gt\/index.php?rest_route=\/wp\/v2\/posts\/116","targetHints":{"allow":["GET"]}}],"collection":[{"href":"https:\/\/jardinbotanico.usac.edu.gt\/index.php?rest_route=\/wp\/v2\/posts"}],"about":[{"href":"https:\/\/jardinbotanico.usac.edu.gt\/index.php?rest_route=\/wp\/v2\/types\/post"}],"author":[{"embeddable":true,"href":"https:\/\/jardinbotanico.usac.edu.gt\/index.php?rest_route=\/wp\/v2\/users\/1"}],"replies":[{"embeddable":true,"href":"https:\/\/jardinbotanico.usac.edu.gt\/index.php?rest_route=%2Fwp%2Fv2%2Fcomments&post=116"}],"version-history":[{"count":8,"href":"https:\/\/jardinbotanico.usac.edu.gt\/index.php?rest_route=\/wp\/v2\/posts\/116\/revisions"}],"predecessor-version":[{"id":187,"href":"https:\/\/jardinbotanico.usac.edu.gt\/index.php?rest_route=\/wp\/v2\/posts\/116\/revisions\/187"}],"wp:attachment":[{"href":"https:\/\/jardinbotanico.usac.edu.gt\/index.php?rest_route=%2Fwp%2Fv2%2Fmedia&parent=116"}],"wp:term":[{"taxonomy":"category","embeddable":true,"href":"https:\/\/jardinbotanico.usac.edu.gt\/index.php?rest_route=%2Fwp%2Fv2%2Fcategories&post=116"},{"taxonomy":"post_tag","embeddable":true,"href":"https:\/\/jardinbotanico.usac.edu.gt\/index.php?rest_route=%2Fwp%2Fv2%2Ftags&post=116"}],"curies":[{"name":"wp","href":"https:\/\/api.w.org\/{rel}","templated":true}]}}