{"id":158,"date":"2012-10-26T21:53:54","date_gmt":"2012-10-26T21:53:54","guid":{"rendered":"http:\/\/c3.usac.edu.gt\/jardinbotanico.usac.edu.gt\/public_html\/?p=158"},"modified":"2013-01-25T22:06:04","modified_gmt":"2013-01-25T22:06:04","slug":"dr-ulises-rojas-bendfeldt-su-biografia","status":"publish","type":"post","link":"https:\/\/jardinbotanico.usac.edu.gt\/?p=158","title":{"rendered":"Dr. Ulises Rojas Bendfeldt, su biograf\u00eda"},"content":{"rendered":"<p>Les compartimos un video de la biograf\u00eda del Dr. Ulises Rojas Bendfelt, realizado por un estudiante de la carrera de Biolog\u00eda. Gracias Pedro Rojas por tu tiempo e iniciativa.<\/p>\n<p><iframe loading=\"lazy\" title=\"Dr. Ulises Rojas Bendfeldt, biografia.\" width=\"1140\" height=\"855\" src=\"https:\/\/www.youtube.com\/embed\/4p08cszcxS8?feature=oembed\" frameborder=\"0\" allow=\"accelerometer; autoplay; clipboard-write; encrypted-media; gyroscope; picture-in-picture\" allowfullscreen><\/iframe><\/p>\n","protected":false},"excerpt":{"rendered":"<p>Les compartimos un video de la biograf\u00eda del Dr. Ulises Rojas Bendfelt, realizado por un estudiante de la carrera de Biolog\u00eda. Gracias Pedro Rojas por tu tiempo e iniciativa.<\/p>\n","protected":false},"author":1,"featured_media":0,"comment_status":"open","ping_status":"open","sticky":false,"template":"","format":"standard","meta":{"footnotes":""},"categories":[1],"tags":[28],"class_list":{"0":"post-158","1":"post","2":"type-post","3":"status-publish","4":"format-standard","6":"category-publicaciones","7":"tag-nuestra-historia","8":"czr-hentry"},"_links":{"self":[{"href":"https:\/\/jardinbotanico.usac.edu.gt\/index.php?rest_route=\/wp\/v2\/posts\/158","targetHints":{"allow":["GET"]}}],"collection":[{"href":"https:\/\/jardinbotanico.usac.edu.gt\/index.php?rest_route=\/wp\/v2\/posts"}],"about":[{"href":"https:\/\/jardinbotanico.usac.edu.gt\/index.php?rest_route=\/wp\/v2\/types\/post"}],"author":[{"embeddable":true,"href":"https:\/\/jardinbotanico.usac.edu.gt\/index.php?rest_route=\/wp\/v2\/users\/1"}],"replies":[{"embeddable":true,"href":"https:\/\/jardinbotanico.usac.edu.gt\/index.php?rest_route=%2Fwp%2Fv2%2Fcomments&post=158"}],"version-history":[{"count":7,"href":"https:\/\/jardinbotanico.usac.edu.gt\/index.php?rest_route=\/wp\/v2\/posts\/158\/revisions"}],"predecessor-version":[{"id":177,"href":"https:\/\/jardinbotanico.usac.edu.gt\/index.php?rest_route=\/wp\/v2\/posts\/158\/revisions\/177"}],"wp:attachment":[{"href":"https:\/\/jardinbotanico.usac.edu.gt\/index.php?rest_route=%2Fwp%2Fv2%2Fmedia&parent=158"}],"wp:term":[{"taxonomy":"category","embeddable":true,"href":"https:\/\/jardinbotanico.usac.edu.gt\/index.php?rest_route=%2Fwp%2Fv2%2Fcategories&post=158"},{"taxonomy":"post_tag","embeddable":true,"href":"https:\/\/jardinbotanico.usac.edu.gt\/index.php?rest_route=%2Fwp%2Fv2%2Ftags&post=158"}],"curies":[{"name":"wp","href":"https:\/\/api.w.org\/{rel}","templated":true}]}}