{"id":193,"date":"2013-02-21T17:01:50","date_gmt":"2013-02-21T17:01:50","guid":{"rendered":"http:\/\/c3.usac.edu.gt\/jardinbotanico.usac.edu.gt\/public_html\/?p=193"},"modified":"2013-02-21T17:02:32","modified_gmt":"2013-02-21T17:02:32","slug":"comunicado-dia-del-biologo","status":"publish","type":"post","link":"https:\/\/jardinbotanico.usac.edu.gt\/?p=193","title":{"rendered":"Comunicado d\u00eda del Bi\u00f3logo"},"content":{"rendered":"<p>Por la celebraci\u00f3n del d\u00eda del Bi\u00f3logo se extiende el siguiente comunicado del d\u00eda del bi\u00f3logo. \u00a0Compartimos con ustedes el link del documento.<\/p>\n<p><a href=\"http:\/\/c3.usac.edu.gt\/jardinbotanico.usac.edu.gt\/public_html\/wp-content\/uploads\/2013\/02\/comunicado-d\u00eda-del-bi\u00f3logo.pdf\">Comunicado d\u00eda del bi\u00f3logo<\/a><\/p>\n<p>Felicidades a todos los bi\u00f3logos en su d\u00eda.<\/p>\n<p>&nbsp;<\/p>\n","protected":false},"excerpt":{"rendered":"<p>Por la celebraci\u00f3n del d\u00eda del Bi\u00f3logo se extiende el siguiente comunicado del d\u00eda del bi\u00f3logo. \u00a0Compartimos con ustedes el link del documento. Comunicado d\u00eda del bi\u00f3logo Felicidades a todos los bi\u00f3logos en su d\u00eda. &nbsp;<\/p>\n","protected":false},"author":1,"featured_media":0,"comment_status":"open","ping_status":"open","sticky":false,"template":"","format":"standard","meta":{"footnotes":""},"categories":[1],"tags":[15],"class_list":{"0":"post-193","1":"post","2":"type-post","3":"status-publish","4":"format-standard","6":"category-publicaciones","7":"tag-publicaciones","8":"czr-hentry"},"_links":{"self":[{"href":"https:\/\/jardinbotanico.usac.edu.gt\/index.php?rest_route=\/wp\/v2\/posts\/193","targetHints":{"allow":["GET"]}}],"collection":[{"href":"https:\/\/jardinbotanico.usac.edu.gt\/index.php?rest_route=\/wp\/v2\/posts"}],"about":[{"href":"https:\/\/jardinbotanico.usac.edu.gt\/index.php?rest_route=\/wp\/v2\/types\/post"}],"author":[{"embeddable":true,"href":"https:\/\/jardinbotanico.usac.edu.gt\/index.php?rest_route=\/wp\/v2\/users\/1"}],"replies":[{"embeddable":true,"href":"https:\/\/jardinbotanico.usac.edu.gt\/index.php?rest_route=%2Fwp%2Fv2%2Fcomments&post=193"}],"version-history":[{"count":4,"href":"https:\/\/jardinbotanico.usac.edu.gt\/index.php?rest_route=\/wp\/v2\/posts\/193\/revisions"}],"predecessor-version":[{"id":198,"href":"https:\/\/jardinbotanico.usac.edu.gt\/index.php?rest_route=\/wp\/v2\/posts\/193\/revisions\/198"}],"wp:attachment":[{"href":"https:\/\/jardinbotanico.usac.edu.gt\/index.php?rest_route=%2Fwp%2Fv2%2Fmedia&parent=193"}],"wp:term":[{"taxonomy":"category","embeddable":true,"href":"https:\/\/jardinbotanico.usac.edu.gt\/index.php?rest_route=%2Fwp%2Fv2%2Fcategories&post=193"},{"taxonomy":"post_tag","embeddable":true,"href":"https:\/\/jardinbotanico.usac.edu.gt\/index.php?rest_route=%2Fwp%2Fv2%2Ftags&post=193"}],"curies":[{"name":"wp","href":"https:\/\/api.w.org\/{rel}","templated":true}]}}