{"id":248,"date":"2013-07-08T23:06:42","date_gmt":"2013-07-08T23:06:42","guid":{"rendered":"http:\/\/c3.usac.edu.gt\/jardinbotanico.usac.edu.gt\/public_html\/?p=248"},"modified":"2013-07-08T23:07:26","modified_gmt":"2013-07-08T23:07:26","slug":"boletin-informativo-cecon-ii-volumen","status":"publish","type":"post","link":"https:\/\/jardinbotanico.usac.edu.gt\/?p=248","title":{"rendered":"Bolet\u00edn informativo CECON, II vol\u00famen"},"content":{"rendered":"<p><a href=\"http:\/\/c3.usac.edu.gt\/jardinbotanico.usac.edu.gt\/public_html\/wp-content\/uploads\/2013\/07\/Imagen-bolet\u00edn-abril-y-mayo.jpg\"><img loading=\"lazy\" decoding=\"async\" class=\"alignleft size-thumbnail wp-image-250\" title=\"Imagen bolet\u00edn abril y mayo\" src=\"http:\/\/c3.usac.edu.gt\/jardinbotanico.usac.edu.gt\/public_html\/wp-content\/uploads\/2013\/07\/Imagen-bolet\u00edn-abril-y-mayo-150x150.jpg\" alt=\"\" width=\"150\" height=\"150\" \/><\/a>Les compartimos el II vol\u00famen del bolet\u00edn informativo del Centro de Estudios Conservacionistas, en el encontrar\u00e1s informaci\u00f3n de las actividades que se realizaron durante el mes de abril y mayo. As\u00ed tambi\u00e9n las que est\u00e1n por venir.<\/p>\n<p><a href=\"http:\/\/c3.usac.edu.gt\/jardinbotanico.usac.edu.gt\/public_html\/wp-content\/uploads\/2013\/07\/BOLETIN-ABRIL-MAYO.pdf\">BOLETIN ABRIL-MAYO<\/a><\/p>\n","protected":false},"excerpt":{"rendered":"<p>Les compartimos el II vol\u00famen del bolet\u00edn informativo del Centro de Estudios Conservacionistas, en el encontrar\u00e1s informaci\u00f3n de las actividades que se realizaron durante el mes de abril y mayo. As\u00ed tambi\u00e9n las que est\u00e1n por venir. BOLETIN ABRIL-MAYO<\/p>\n","protected":false},"author":1,"featured_media":0,"comment_status":"open","ping_status":"open","sticky":false,"template":"","format":"link","meta":{"footnotes":""},"categories":[25],"tags":[],"class_list":{"0":"post-248","1":"post","2":"type-post","3":"status-publish","4":"format-link","6":"category-noticias","7":"post_format-post-format-link","8":"czr-hentry"},"_links":{"self":[{"href":"https:\/\/jardinbotanico.usac.edu.gt\/index.php?rest_route=\/wp\/v2\/posts\/248","targetHints":{"allow":["GET"]}}],"collection":[{"href":"https:\/\/jardinbotanico.usac.edu.gt\/index.php?rest_route=\/wp\/v2\/posts"}],"about":[{"href":"https:\/\/jardinbotanico.usac.edu.gt\/index.php?rest_route=\/wp\/v2\/types\/post"}],"author":[{"embeddable":true,"href":"https:\/\/jardinbotanico.usac.edu.gt\/index.php?rest_route=\/wp\/v2\/users\/1"}],"replies":[{"embeddable":true,"href":"https:\/\/jardinbotanico.usac.edu.gt\/index.php?rest_route=%2Fwp%2Fv2%2Fcomments&post=248"}],"version-history":[{"count":2,"href":"https:\/\/jardinbotanico.usac.edu.gt\/index.php?rest_route=\/wp\/v2\/posts\/248\/revisions"}],"predecessor-version":[{"id":252,"href":"https:\/\/jardinbotanico.usac.edu.gt\/index.php?rest_route=\/wp\/v2\/posts\/248\/revisions\/252"}],"wp:attachment":[{"href":"https:\/\/jardinbotanico.usac.edu.gt\/index.php?rest_route=%2Fwp%2Fv2%2Fmedia&parent=248"}],"wp:term":[{"taxonomy":"category","embeddable":true,"href":"https:\/\/jardinbotanico.usac.edu.gt\/index.php?rest_route=%2Fwp%2Fv2%2Fcategories&post=248"},{"taxonomy":"post_tag","embeddable":true,"href":"https:\/\/jardinbotanico.usac.edu.gt\/index.php?rest_route=%2Fwp%2Fv2%2Ftags&post=248"}],"curies":[{"name":"wp","href":"https:\/\/api.w.org\/{rel}","templated":true}]}}