{"id":269,"date":"2013-10-22T18:12:12","date_gmt":"2013-10-22T18:12:12","guid":{"rendered":"http:\/\/c3.usac.edu.gt\/jardinbotanico.usac.edu.gt\/public_html\/?p=269"},"modified":"2013-10-22T18:12:55","modified_gmt":"2013-10-22T18:12:55","slug":"inauguracion-de-banqueta-en-el-jardin-botanico","status":"publish","type":"post","link":"https:\/\/jardinbotanico.usac.edu.gt\/?p=269","title":{"rendered":"Inauguraci\u00f3n de banqueta en el Jard\u00edn Bot\u00e1nico"},"content":{"rendered":"<p>&nbsp;<\/p>\n<p dir=\"ltr\"><img loading=\"lazy\" decoding=\"async\" class=\"size-medium wp-image-270 alignleft\" title=\"DSC07805\" src=\"http:\/\/c3.usac.edu.gt\/jardinbotanico.usac.edu.gt\/public_html\/wp-content\/uploads\/2013\/10\/DSC07805-300x225.jpg\" alt=\"\" width=\"300\" height=\"225\" srcset=\"https:\/\/jardinbotanico.usac.edu.gt\/wp-content\/uploads\/2013\/10\/DSC07805-300x225.jpg 300w, https:\/\/jardinbotanico.usac.edu.gt\/wp-content\/uploads\/2013\/10\/DSC07805-1024x768.jpg 1024w\" sizes=\"auto, (max-width: 300px) 100vw, 300px\" \/><\/p>\n<p dir=\"ltr\">En el mes de septiembre se llev\u00f3 a cabo la inauguraci\u00f3n de la reconstrucci\u00f3n de la banqueta que da al frente del Centro de Estudios Conservacionistas -CECON-, esto con el, apoyo de la Municipalidad de Guatemala. \u00a0\u00a0El acto de inauguraci\u00f3n fue dirigido por \u00a0el se\u00f1or Gunther Shoenbeck, alcalde auxiliar de la zona 10 en conjunto y la Licda. Carolina Rosales de Zea, coordinadora del Jard\u00edn Bot\u00e1nico. \u00a0Tambi\u00e9n nos acompa\u00f1aron la Licda. Raquel de Pinto y el Lic. Luis Uribe, presidente y vicepresidente del Comit\u00e9 del Barrio de Ciudad Vieja de la zona 10, as\u00ed tambi\u00e9n estudiantes del colegio Ciudad Vieja. \u00a0La actividad fue amenizada por la marimba de la Municipalidad de Guatemala, la ucal nos deleit\u00f3 con alegres melod\u00edas, mientras realizamos un recorrido por el Jard\u00edn Bot\u00e1nico para compartir la belleza de este lugar con nuestros invitados.<\/p>\n<div>\n<div>\n<p dir=\"ltr\">Agradecemos el apoyo prestado para esta reconstrucci\u00f3n la cual aumenta el valor de nuestro patrimonio natural y cultural, adem\u00e1s que brinda una vista agradable y segura para el p\u00fablico que nos visita. \u00a0\u00a0\u00a0Aqu\u00ed el documento para ver la evoluci\u00f3n del proceso.<\/p>\n<p>&nbsp;<\/p>\n<p dir=\"ltr\">\u00a0<a href=\"http:\/\/c3.usac.edu.gt\/jardinbotanico.usac.edu.gt\/public_html\/wp-content\/uploads\/2013\/10\/REPORTE-DE-MUNI-BANQUETA.pdf\">Reporte de Municipalidad de Guatemala<\/a><\/p>\n<p>&nbsp;<\/p>\n<div><\/div>\n<\/div>\n<\/div>\n","protected":false},"excerpt":{"rendered":"<p>&nbsp; En el mes de septiembre se llev\u00f3 a cabo la inauguraci\u00f3n de la reconstrucci\u00f3n de la banqueta que da al frente del Centro de Estudios Conservacionistas -CECON-, esto con el, apoyo de la Municipalidad de Guatemala. \u00a0\u00a0El acto de inauguraci\u00f3n fue dirigido por \u00a0el se\u00f1or Gunther Shoenbeck, alcalde auxiliar de la zona 10 en [&hellip;]<\/p>\n","protected":false},"author":1,"featured_media":0,"comment_status":"open","ping_status":"open","sticky":false,"template":"","format":"standard","meta":{"footnotes":""},"categories":[25,1],"tags":[],"class_list":{"0":"post-269","1":"post","2":"type-post","3":"status-publish","4":"format-standard","6":"category-noticias","7":"category-publicaciones","8":"czr-hentry"},"_links":{"self":[{"href":"https:\/\/jardinbotanico.usac.edu.gt\/index.php?rest_route=\/wp\/v2\/posts\/269","targetHints":{"allow":["GET"]}}],"collection":[{"href":"https:\/\/jardinbotanico.usac.edu.gt\/index.php?rest_route=\/wp\/v2\/posts"}],"about":[{"href":"https:\/\/jardinbotanico.usac.edu.gt\/index.php?rest_route=\/wp\/v2\/types\/post"}],"author":[{"embeddable":true,"href":"https:\/\/jardinbotanico.usac.edu.gt\/index.php?rest_route=\/wp\/v2\/users\/1"}],"replies":[{"embeddable":true,"href":"https:\/\/jardinbotanico.usac.edu.gt\/index.php?rest_route=%2Fwp%2Fv2%2Fcomments&post=269"}],"version-history":[{"count":3,"href":"https:\/\/jardinbotanico.usac.edu.gt\/index.php?rest_route=\/wp\/v2\/posts\/269\/revisions"}],"predecessor-version":[{"id":274,"href":"https:\/\/jardinbotanico.usac.edu.gt\/index.php?rest_route=\/wp\/v2\/posts\/269\/revisions\/274"}],"wp:attachment":[{"href":"https:\/\/jardinbotanico.usac.edu.gt\/index.php?rest_route=%2Fwp%2Fv2%2Fmedia&parent=269"}],"wp:term":[{"taxonomy":"category","embeddable":true,"href":"https:\/\/jardinbotanico.usac.edu.gt\/index.php?rest_route=%2Fwp%2Fv2%2Fcategories&post=269"},{"taxonomy":"post_tag","embeddable":true,"href":"https:\/\/jardinbotanico.usac.edu.gt\/index.php?rest_route=%2Fwp%2Fv2%2Ftags&post=269"}],"curies":[{"name":"wp","href":"https:\/\/api.w.org\/{rel}","templated":true}]}}