{"id":358,"date":"2014-04-21T21:12:26","date_gmt":"2014-04-21T21:12:26","guid":{"rendered":"http:\/\/c3.usac.edu.gt\/jardinbotanico.usac.edu.gt\/public_html\/?p=358"},"modified":"2014-04-22T02:50:00","modified_gmt":"2014-04-22T02:50:00","slug":"celebracion-del-dia-de-la-tierra-en-el-jardin-botanico","status":"publish","type":"post","link":"https:\/\/jardinbotanico.usac.edu.gt\/?p=358","title":{"rendered":"Celebraci\u00f3n del d\u00eda de la tierra en el Jard\u00edn Bot\u00e1nico"},"content":{"rendered":"<p align=\"center\"><a href=\"http:\/\/c3.usac.edu.gt\/jardinbotanico.usac.edu.gt\/public_html\/wp-content\/uploads\/2014\/04\/INVITACION-ARTESANIAS-ABRIL-2014.jpg\"><img loading=\"lazy\" decoding=\"async\" class=\"alignleft  wp-image-359\" title=\"INVITACION ARTESANIAS ABRIL 2014\" src=\"http:\/\/c3.usac.edu.gt\/jardinbotanico.usac.edu.gt\/public_html\/wp-content\/uploads\/2014\/04\/INVITACION-ARTESANIAS-ABRIL-2014-1024x725.jpg\" alt=\"\" width=\"372\" height=\"263\" srcset=\"https:\/\/jardinbotanico.usac.edu.gt\/wp-content\/uploads\/2014\/04\/INVITACION-ARTESANIAS-ABRIL-2014-1024x725.jpg 1024w, https:\/\/jardinbotanico.usac.edu.gt\/wp-content\/uploads\/2014\/04\/INVITACION-ARTESANIAS-ABRIL-2014-300x212.jpg 300w\" sizes=\"auto, (max-width: 372px) 100vw, 372px\" \/><\/a><\/p>\n<h1 align=\"center\"><span style=\"color: #ff0000;\"><strong>D\u00eda de la Tierra<\/strong><\/span><\/h1>\n<p align=\"center\"><strong><em>\u201cLa madre tierra provee y ha inspirado a los artesanos guatemaltecos\u201d<\/em><\/strong><\/p>\n<address>Amemos a nuestra madre tierra, protej\u00e1mosla y estimulemos el trabajo del artesano guatemalteco.<\/address>\n<address>\u00a0<\/address>\n<p style=\"text-align: justify;\"><strong><span style=\"color: #008000;\">El Museo de Historia Natural y el Jard\u00edn Bot\u00e1nico de la USAC \u00a0hemos organizado una celebraci\u00f3n del \u201cd\u00eda de la tierra\u201d\u00a0 el s\u00e1bado 26 de abril de 10:00 a 15:00 horas. Tendremos un\u00a0<em><span style=\"text-decoration: underline;\">bazar de artesan\u00edas<\/span><\/em>\u00a0fabricadas con productos org\u00e1nicos como el coco, ra\u00edces, fibras, hojas, madera, pero tambi\u00e9n colecciones de bons\u00e1i, exhibiciones de orqu\u00eddeas, venta de hortalizas org\u00e1nicas y autom\u00f3viles hechos de materiales reutilizables. \u00a0<\/span><\/strong><\/p>\n<p style=\"text-align: justify;\"><strong><span style=\"color: #008000;\">\u00a0Por la ma\u00f1ana tendremos dos talleres: uno sobre huertos org\u00e1nicos en espacios reducidos (balcones, ventanas y\u00a0 macetas) organizado por \u201cLa Hojita, otro sobre bisuter\u00eda artesanal dirigida a ni\u00f1os. Adem\u00e1s una conferencia sobre situaci\u00f3n actual del Lago de Amatitl\u00e1n (AMSA). \u00a0Por la tarde Estavios Bons\u00e1i expondr\u00e1 \u00abEl arte del Bonsai\u00bb.\u00a0<\/span><\/strong><\/p>\n<p style=\"text-align: justify;\"><strong><span style=\"color: #008000;\">Les esperamos con toda la familia ya que la entrada ser\u00e1 de Q3.00 y se ingresar\u00e1 por la calle Mariscal Cruz. Habr\u00e1 estacionamiento vigilado sobre esa calle, la avenida de La Reforma y la 2\u00aa avenida zona 10 del lado del Jard\u00edn Bot\u00e1nico. Tendremos comida y bebidas para deleitar el apetito tambi\u00e9n.[pullquote align=\u00bbleft|center|right\u00bb textalign=\u00bbleft|center|right\u00bb width=\u00bb30%\u00bb][\/pullquote][pullquote align=\u00bbleft|center|right\u00bb textalign=\u00bbleft|center|right\u00bb width=\u00bb30%\u00bb][\/pullquote]<\/span><\/strong><\/p>\n","protected":false},"excerpt":{"rendered":"<p>D\u00eda de la Tierra \u201cLa madre tierra provee y ha inspirado a los artesanos guatemaltecos\u201d Amemos a nuestra madre tierra, protej\u00e1mosla y estimulemos el trabajo del artesano guatemalteco. \u00a0 El Museo de Historia Natural y el Jard\u00edn Bot\u00e1nico de la USAC \u00a0hemos organizado una celebraci\u00f3n del \u201cd\u00eda de la tierra\u201d\u00a0 el s\u00e1bado 26 de abril [&hellip;]<\/p>\n","protected":false},"author":1,"featured_media":0,"comment_status":"open","ping_status":"open","sticky":false,"template":"","format":"standard","meta":{"footnotes":""},"categories":[25],"tags":[],"class_list":{"0":"post-358","1":"post","2":"type-post","3":"status-publish","4":"format-standard","6":"category-noticias","7":"czr-hentry"},"_links":{"self":[{"href":"https:\/\/jardinbotanico.usac.edu.gt\/index.php?rest_route=\/wp\/v2\/posts\/358","targetHints":{"allow":["GET"]}}],"collection":[{"href":"https:\/\/jardinbotanico.usac.edu.gt\/index.php?rest_route=\/wp\/v2\/posts"}],"about":[{"href":"https:\/\/jardinbotanico.usac.edu.gt\/index.php?rest_route=\/wp\/v2\/types\/post"}],"author":[{"embeddable":true,"href":"https:\/\/jardinbotanico.usac.edu.gt\/index.php?rest_route=\/wp\/v2\/users\/1"}],"replies":[{"embeddable":true,"href":"https:\/\/jardinbotanico.usac.edu.gt\/index.php?rest_route=%2Fwp%2Fv2%2Fcomments&post=358"}],"version-history":[{"count":3,"href":"https:\/\/jardinbotanico.usac.edu.gt\/index.php?rest_route=\/wp\/v2\/posts\/358\/revisions"}],"predecessor-version":[{"id":361,"href":"https:\/\/jardinbotanico.usac.edu.gt\/index.php?rest_route=\/wp\/v2\/posts\/358\/revisions\/361"}],"wp:attachment":[{"href":"https:\/\/jardinbotanico.usac.edu.gt\/index.php?rest_route=%2Fwp%2Fv2%2Fmedia&parent=358"}],"wp:term":[{"taxonomy":"category","embeddable":true,"href":"https:\/\/jardinbotanico.usac.edu.gt\/index.php?rest_route=%2Fwp%2Fv2%2Fcategories&post=358"},{"taxonomy":"post_tag","embeddable":true,"href":"https:\/\/jardinbotanico.usac.edu.gt\/index.php?rest_route=%2Fwp%2Fv2%2Ftags&post=358"}],"curies":[{"name":"wp","href":"https:\/\/api.w.org\/{rel}","templated":true}]}}