{"id":381,"date":"2014-05-06T22:42:26","date_gmt":"2014-05-06T22:42:26","guid":{"rendered":"http:\/\/c3.usac.edu.gt\/jardinbotanico.usac.edu.gt\/public_html\/?p=381"},"modified":"2026-02-26T17:26:17","modified_gmt":"2026-02-26T17:26:17","slug":"dia-de-la-tierra-en-el-jardin-botanico","status":"publish","type":"post","link":"https:\/\/jardinbotanico.usac.edu.gt\/?p=381","title":{"rendered":"D\u00eda de la tierra en el Jard\u00edn Bot\u00e1nico"},"content":{"rendered":"\n<div class=\"wp-block-columns is-layout-flex wp-container-core-columns-is-layout-9d6595d7 wp-block-columns-is-layout-flex\">\n<div class=\"wp-block-column is-layout-flow wp-block-column-is-layout-flow\" style=\"flex-basis:100%\">\n<p><\/p>\n\n\n\n<div class=\"wp-block-group\"><div class=\"wp-block-group__inner-container is-layout-flow wp-block-group-is-layout-flow\">\n<div class=\"wp-block-image\"><figure class=\"alignright is-resized\"><img loading=\"lazy\" decoding=\"async\" src=\"https:\/\/scontent.faqb1-1.fna.fbcdn.net\/v\/t1.18169-9\/997059_698243013598465_3273595488971646923_n.jpg?_nc_cat=106&amp;ccb=1-3&amp;_nc_sid=cdbe9c&amp;_nc_ohc=dhbD_imPuNsAX8xsRMT&amp;_nc_ht=scontent.faqb1-1.fna&amp;oh=cf3bb645660b3ac7468cf1da4620928d&amp;oe=60A4C522\" alt=\"Puede ser una imagen de 1 persona\" width=\"290\" height=\"217\"\/><figcaption><strong>Exposici\u00f3n de antig\u00fcedades por Don Jos\u00e9, voluntario del Jard\u00edn Bot\u00e1nico <\/strong><\/figcaption><\/figure><\/div>\n<\/div><\/div>\n\n\n\n<p>El pasado 26 de abril se conmemor\u00f3 en las instalaciones del Jard\u00edn Bot\u00e1nico y el Museo de Historia Natural de la Universidad de Guatemala, el d\u00eda de la tierra. Para se desarrollaron actividades de mucho inter\u00e9s para la familia en general.&nbsp; Durante este tiempo los visitantes pudieron apreciar exposiciones de artesanos quienes se dedican a elaborar productos con materiales naturales o bien con residuos reutilizables. El p\u00fablico se deleit\u00f3 observando carros de colecci\u00f3n elaborados con latas de sodas, productos con fibra de coco como sandalias, juegos interactivos para estudiantes de nivel medio&nbsp; a partir de pl\u00e1stico pet y AMSA (Autoridad del Lago de Amatitl\u00e1n) comparti\u00f3 el proyecto con la especie <em>Eichhornia <\/em>sp.<em>, <\/em>conocida como ninfa, &nbsp;de la cual utilizan los tallos para elaborar manualidades.&nbsp; As\u00ed tambi\u00e9n disfrutaron exposiciones de l\u00edquenes, bons\u00e1i, orqu\u00eddeas, bromelias, plantas ex\u00f3ticas, de uso comestible, y medicinal.&nbsp; Todo esto en un ambiente natural, libre de contaminaci\u00f3n como lo es nuestro bello jard\u00edn bot\u00e1nico.<\/p>\n<\/div>\n<\/div>\n\n\n\n<p><\/p>\n\n\n\n<p>Durante la jornada se tuvieron conferencias de mucho inter\u00e9s para los visitantes, como la situaci\u00f3n actual del lago de Amatitl\u00e1n, la historia natural de Guatemala, el arte del Bons\u00e1i, huertos urbanos en espacios reducidos y \u00a0las orqu\u00eddeas de Guatemala.\u00a0 Con esto se logr\u00f3 transmitir al p\u00fablico la importancia que tienen los recursos naturales para nosotros los humanos.\u00a0 Pero los chiquitos no pod\u00edan faltar, para ellos se elaboraron talleres de f\u00f3siles y ecotransformers, una actividad que permiti\u00f3 no solo a los peque\u00f1os de la familia aprender sino tambi\u00e9n a involucrar a sus padres, fomentando la creatividad de sus hijos y el sano esparcimiento en familia.<\/p>\n\n\n\n<div class=\"wp-block-image\"><figure class=\"alignleft size-large is-resized\"><a href=\"http:\/\/jardinbotanico.usac.edu.gt\/wp-content\/uploads\/2021\/04\/image.jpeg\"><img loading=\"lazy\" decoding=\"async\" src=\"http:\/\/jardinbotanico.usac.edu.gt\/wp-content\/uploads\/2021\/04\/image-edited.jpeg\" alt=\"\" class=\"wp-image-747\" width=\"312\" height=\"175\" srcset=\"https:\/\/jardinbotanico.usac.edu.gt\/wp-content\/uploads\/2021\/04\/image-edited.jpeg 960w, https:\/\/jardinbotanico.usac.edu.gt\/wp-content\/uploads\/2021\/04\/image-edited-300x169.jpeg 300w, https:\/\/jardinbotanico.usac.edu.gt\/wp-content\/uploads\/2021\/04\/image-edited-768x432.jpeg 768w, https:\/\/jardinbotanico.usac.edu.gt\/wp-content\/uploads\/2021\/04\/image-edited-528x297.jpeg 528w\" sizes=\"auto, (max-width: 312px) 100vw, 312px\" \/><\/a><figcaption><strong>Arte en aluminio, con material reutilizable (latas)<\/strong><\/figcaption><\/figure><\/div>\n","protected":false},"excerpt":{"rendered":"","protected":false},"author":1,"featured_media":747,"comment_status":"open","ping_status":"open","sticky":false,"template":"","format":"standard","meta":{"footnotes":""},"categories":[25],"tags":[],"class_list":{"0":"post-381","1":"post","2":"type-post","3":"status-publish","4":"format-standard","5":"has-post-thumbnail","7":"category-noticias","8":"czr-hentry"},"_links":{"self":[{"href":"https:\/\/jardinbotanico.usac.edu.gt\/index.php?rest_route=\/wp\/v2\/posts\/381","targetHints":{"allow":["GET"]}}],"collection":[{"href":"https:\/\/jardinbotanico.usac.edu.gt\/index.php?rest_route=\/wp\/v2\/posts"}],"about":[{"href":"https:\/\/jardinbotanico.usac.edu.gt\/index.php?rest_route=\/wp\/v2\/types\/post"}],"author":[{"embeddable":true,"href":"https:\/\/jardinbotanico.usac.edu.gt\/index.php?rest_route=\/wp\/v2\/users\/1"}],"replies":[{"embeddable":true,"href":"https:\/\/jardinbotanico.usac.edu.gt\/index.php?rest_route=%2Fwp%2Fv2%2Fcomments&post=381"}],"version-history":[{"count":12,"href":"https:\/\/jardinbotanico.usac.edu.gt\/index.php?rest_route=\/wp\/v2\/posts\/381\/revisions"}],"predecessor-version":[{"id":752,"href":"https:\/\/jardinbotanico.usac.edu.gt\/index.php?rest_route=\/wp\/v2\/posts\/381\/revisions\/752"}],"wp:featuredmedia":[{"embeddable":true,"href":"https:\/\/jardinbotanico.usac.edu.gt\/index.php?rest_route=\/wp\/v2\/media\/747"}],"wp:attachment":[{"href":"https:\/\/jardinbotanico.usac.edu.gt\/index.php?rest_route=%2Fwp%2Fv2%2Fmedia&parent=381"}],"wp:term":[{"taxonomy":"category","embeddable":true,"href":"https:\/\/jardinbotanico.usac.edu.gt\/index.php?rest_route=%2Fwp%2Fv2%2Fcategories&post=381"},{"taxonomy":"post_tag","embeddable":true,"href":"https:\/\/jardinbotanico.usac.edu.gt\/index.php?rest_route=%2Fwp%2Fv2%2Ftags&post=381"}],"curies":[{"name":"wp","href":"https:\/\/api.w.org\/{rel}","templated":true}]}}