{"id":416,"date":"2014-06-11T21:29:09","date_gmt":"2014-06-11T21:29:09","guid":{"rendered":"http:\/\/c3.usac.edu.gt\/jardinbotanico.usac.edu.gt\/public_html\/?p=416"},"modified":"2014-06-11T22:42:28","modified_gmt":"2014-06-11T22:42:28","slug":"leytelecomunicaciones","status":"publish","type":"post","link":"https:\/\/jardinbotanico.usac.edu.gt\/?p=416","title":{"rendered":"CONAP Y CECON accionan contra ley de telecomunicaciones m\u00f3viles"},"content":{"rendered":"<div><a href=\"http:\/\/c3.usac.edu.gt\/jardinbotanico.usac.edu.gt\/public_html\/wp-content\/uploads\/2014\/06\/Contra-ley-de-Telecomunicaciones.jpg\"><img loading=\"lazy\" decoding=\"async\" class=\"alignright size-medium wp-image-417\" title=\"Contra ley de Telecomunicaciones\" src=\"http:\/\/c3.usac.edu.gt\/jardinbotanico.usac.edu.gt\/public_html\/wp-content\/uploads\/2014\/06\/Contra-ley-de-Telecomunicaciones-300x242.jpg\" alt=\"\" width=\"300\" height=\"242\" srcset=\"https:\/\/jardinbotanico.usac.edu.gt\/wp-content\/uploads\/2014\/06\/Contra-ley-de-Telecomunicaciones-300x242.jpg 300w, https:\/\/jardinbotanico.usac.edu.gt\/wp-content\/uploads\/2014\/06\/Contra-ley-de-Telecomunicaciones.jpg 309w\" sizes=\"auto, (max-width: 300px) 100vw, 300px\" \/><\/a>Representantes del Consejo Nacional de \u00c1reas Protegidas (Conap) y del Centro de Estudios Conservacionistas de la Universidad de San Carlos (Cecon\/Usac) presentaron la s\u00e9ptima acci\u00f3n de inconstitucionalidad\u00ad contra la Ley de Telecomunicaciones M\u00f3viles en Centros de Privaci\u00f3n de Libertad y Fortalecimiento de la Infraestructura\u00ad para la Transmisi\u00f3n de Datos, y sus \u00adart\u00edculos 4, 6, 8 y 11.<\/div>\n<p>El recurso argumenta que se atentan contra la inalienabilidad de \u00e1reas protegidas y equilibrio ecol\u00f3gico, porque se autoriza utilizar los bienes de dominio p\u00fablico y remover la vegetaci\u00f3n que estorbe la instalaci\u00f3n de infraestructura (antenas, cableado, postes, entre otros), incluidos bienes nacionales de uso p\u00fablico com\u00fan.<\/p>\n<p>\u201cEstos art\u00edculos desvirt\u00faan el fin supremo de la realizaci\u00f3n del bien com\u00fan; vulneran intereses colectivos\u201d, indic\u00f3 Jorge Galindo, de la U<\/p>\n<p>Ante esta acci\u00f3n, Rodolfo Mendoza, asesor de la Superintendencia de Telecomunicaciones (Sit), dijo: \u201cSomos un \u00f3rgano t\u00e9cnico, ejecutor de la ley, y acataremos cualquier cambio que la Corte disponga\u201d.sac.<\/p>\n<p>Por aparte, la C\u00e1mara de Industria de Guatemala presentar\u00e1 hoy la octava acci\u00f3n de inconstitucionalidad contra la ley, que indica atenta contra la propiedad privada, igualdad jur\u00eddica y seguridad jur\u00eddica.<\/p>\n","protected":false},"excerpt":{"rendered":"<p>Representantes del Consejo Nacional de \u00c1reas Protegidas (Conap) y del Centro de Estudios Conservacionistas de la Universidad de San Carlos (Cecon\/Usac) presentaron la s\u00e9ptima acci\u00f3n de inconstitucionalidad\u00ad contra la Ley de Telecomunicaciones M\u00f3viles en Centros de Privaci\u00f3n de Libertad y Fortalecimiento de la Infraestructura\u00ad para la Transmisi\u00f3n de Datos, y sus \u00adart\u00edculos 4, 6, 8 [&hellip;]<\/p>\n","protected":false},"author":1,"featured_media":0,"comment_status":"open","ping_status":"open","sticky":false,"template":"","format":"standard","meta":{"footnotes":""},"categories":[25],"tags":[],"class_list":{"0":"post-416","1":"post","2":"type-post","3":"status-publish","4":"format-standard","6":"category-noticias","7":"czr-hentry"},"_links":{"self":[{"href":"https:\/\/jardinbotanico.usac.edu.gt\/index.php?rest_route=\/wp\/v2\/posts\/416","targetHints":{"allow":["GET"]}}],"collection":[{"href":"https:\/\/jardinbotanico.usac.edu.gt\/index.php?rest_route=\/wp\/v2\/posts"}],"about":[{"href":"https:\/\/jardinbotanico.usac.edu.gt\/index.php?rest_route=\/wp\/v2\/types\/post"}],"author":[{"embeddable":true,"href":"https:\/\/jardinbotanico.usac.edu.gt\/index.php?rest_route=\/wp\/v2\/users\/1"}],"replies":[{"embeddable":true,"href":"https:\/\/jardinbotanico.usac.edu.gt\/index.php?rest_route=%2Fwp%2Fv2%2Fcomments&post=416"}],"version-history":[{"count":9,"href":"https:\/\/jardinbotanico.usac.edu.gt\/index.php?rest_route=\/wp\/v2\/posts\/416\/revisions"}],"predecessor-version":[{"id":422,"href":"https:\/\/jardinbotanico.usac.edu.gt\/index.php?rest_route=\/wp\/v2\/posts\/416\/revisions\/422"}],"wp:attachment":[{"href":"https:\/\/jardinbotanico.usac.edu.gt\/index.php?rest_route=%2Fwp%2Fv2%2Fmedia&parent=416"}],"wp:term":[{"taxonomy":"category","embeddable":true,"href":"https:\/\/jardinbotanico.usac.edu.gt\/index.php?rest_route=%2Fwp%2Fv2%2Fcategories&post=416"},{"taxonomy":"post_tag","embeddable":true,"href":"https:\/\/jardinbotanico.usac.edu.gt\/index.php?rest_route=%2Fwp%2Fv2%2Ftags&post=416"}],"curies":[{"name":"wp","href":"https:\/\/api.w.org\/{rel}","templated":true}]}}