{"id":431,"date":"2014-06-23T21:03:23","date_gmt":"2014-06-23T21:03:23","guid":{"rendered":"http:\/\/c3.usac.edu.gt\/jardinbotanico.usac.edu.gt\/public_html\/?p=431"},"modified":"2026-02-26T17:25:55","modified_gmt":"2026-02-26T17:25:55","slug":"bazar-del-coleccionista-2014","status":"publish","type":"post","link":"https:\/\/jardinbotanico.usac.edu.gt\/?p=431","title":{"rendered":"Bazar del coleccionista 2014"},"content":{"rendered":"\n<div class=\"wp-block-image\"><figure class=\"alignright\"><a href=\"http:\/\/c3.usac.edu.gt\/jardinbotanico.usac.edu.gt\/public_html\/wp-content\/uploads\/2014\/06\/DSC00622.jpg\"><img loading=\"lazy\" decoding=\"async\" width=\"300\" height=\"225\" src=\"http:\/\/c3.usac.edu.gt\/jardinbotanico.usac.edu.gt\/public_html\/wp-content\/uploads\/2014\/06\/DSC00622-300x225.jpg\" alt=\"\" class=\"wp-image-432\" title=\"DSC00622\" srcset=\"https:\/\/jardinbotanico.usac.edu.gt\/wp-content\/uploads\/2014\/06\/DSC00622-300x225.jpg 300w, https:\/\/jardinbotanico.usac.edu.gt\/wp-content\/uploads\/2014\/06\/DSC00622-1024x768.jpg 1024w\" sizes=\"auto, (max-width: 300px) 100vw, 300px\" \/><\/a><\/figure><\/div>\n\n\n\n<p>El 31 de mayo en las instalaciones del Museo de Historia Natural y el Jard\u00edn Bot\u00e1nico se llev\u00f3 a cabo el acto de clausura del mes de los museos por la Asociaci\u00f3n de Museos de Guatemala-AMG y a la vez se recibi\u00f3 el \u201cBazar del coleccionista\u201d, donde los visitantes pudieron apreciar las invaluables colecciones y adem\u00e1s adquirir algunos art\u00edculos que se tuvieron a la venta. Adem\u00e1s se tuvo una interesante charla acerca de \u201cMonedas de Fincas\u201d a cargo del Licenciado Jos\u00e9 Fernando Alonso, quien tiene una gran experiencia en cuanto a la historia de nuestra econom\u00eda.<br>Para los peque\u00f1os tuvimos nuevamente un taller impartido por la Municipalidad de Guatemala en el cual aprendieron a realizar bisuter\u00eda a partir de materiales reutilizables, el prop\u00f3sito es fomentar la creatividad de los ni\u00f1os para que puedan desarrollar sus propias manualidades a partir de materiales reutilizables, que adem\u00e1s no implican un alto costo.<\/p>\n\n\n\n<figure class=\"wp-block-gallery columns-3 is-cropped wp-block-gallery-1 is-layout-flex wp-block-gallery-is-layout-flex\"><ul class=\"blocks-gallery-grid\"><li class=\"blocks-gallery-item\"><figure><a href=\"http:\/\/jardinbotanico.usac.edu.gt\/wp-content\/uploads\/2021\/04\/DSC00585-1024x768.jpg\"><img loading=\"lazy\" decoding=\"async\" width=\"1024\" height=\"768\" src=\"http:\/\/jardinbotanico.usac.edu.gt\/wp-content\/uploads\/2021\/04\/DSC00585-1024x768.jpg\" alt=\"Bazar del coleccionista 2014\" data-id=\"761\" data-link=\"http:\/\/jardinbotanico.usac.edu.gt\/?attachment_id=761\" class=\"wp-image-761\" srcset=\"https:\/\/jardinbotanico.usac.edu.gt\/wp-content\/uploads\/2021\/04\/DSC00585-1024x768.jpg 1024w, https:\/\/jardinbotanico.usac.edu.gt\/wp-content\/uploads\/2021\/04\/DSC00585-300x225.jpg 300w, https:\/\/jardinbotanico.usac.edu.gt\/wp-content\/uploads\/2021\/04\/DSC00585-768x576.jpg 768w, https:\/\/jardinbotanico.usac.edu.gt\/wp-content\/uploads\/2021\/04\/DSC00585-1536x1152.jpg 1536w, https:\/\/jardinbotanico.usac.edu.gt\/wp-content\/uploads\/2021\/04\/DSC00585-2048x1536.jpg 2048w\" sizes=\"auto, (max-width: 1024px) 100vw, 1024px\" \/><\/a><\/figure><\/li><li class=\"blocks-gallery-item\"><figure><a href=\"http:\/\/jardinbotanico.usac.edu.gt\/wp-content\/uploads\/2021\/04\/DSC00578-1024x768.jpg\"><img loading=\"lazy\" decoding=\"async\" width=\"1024\" height=\"768\" src=\"http:\/\/jardinbotanico.usac.edu.gt\/wp-content\/uploads\/2021\/04\/DSC00578-1024x768.jpg\" alt=\"\" data-id=\"760\" data-link=\"http:\/\/jardinbotanico.usac.edu.gt\/?attachment_id=760\" class=\"wp-image-760\" srcset=\"https:\/\/jardinbotanico.usac.edu.gt\/wp-content\/uploads\/2021\/04\/DSC00578-1024x768.jpg 1024w, https:\/\/jardinbotanico.usac.edu.gt\/wp-content\/uploads\/2021\/04\/DSC00578-300x225.jpg 300w, https:\/\/jardinbotanico.usac.edu.gt\/wp-content\/uploads\/2021\/04\/DSC00578-768x576.jpg 768w, https:\/\/jardinbotanico.usac.edu.gt\/wp-content\/uploads\/2021\/04\/DSC00578-1536x1152.jpg 1536w, https:\/\/jardinbotanico.usac.edu.gt\/wp-content\/uploads\/2021\/04\/DSC00578-2048x1536.jpg 2048w\" sizes=\"auto, (max-width: 1024px) 100vw, 1024px\" \/><\/a><\/figure><\/li><li class=\"blocks-gallery-item\"><figure><a href=\"http:\/\/jardinbotanico.usac.edu.gt\/wp-content\/uploads\/2021\/04\/DSC00571-1024x768.jpg\"><img loading=\"lazy\" decoding=\"async\" width=\"1024\" height=\"768\" src=\"http:\/\/jardinbotanico.usac.edu.gt\/wp-content\/uploads\/2021\/04\/DSC00571-1024x768.jpg\" alt=\"\" data-id=\"759\" data-link=\"http:\/\/jardinbotanico.usac.edu.gt\/?attachment_id=759\" class=\"wp-image-759\" srcset=\"https:\/\/jardinbotanico.usac.edu.gt\/wp-content\/uploads\/2021\/04\/DSC00571-1024x768.jpg 1024w, https:\/\/jardinbotanico.usac.edu.gt\/wp-content\/uploads\/2021\/04\/DSC00571-300x225.jpg 300w, https:\/\/jardinbotanico.usac.edu.gt\/wp-content\/uploads\/2021\/04\/DSC00571-768x576.jpg 768w, https:\/\/jardinbotanico.usac.edu.gt\/wp-content\/uploads\/2021\/04\/DSC00571-1536x1152.jpg 1536w, https:\/\/jardinbotanico.usac.edu.gt\/wp-content\/uploads\/2021\/04\/DSC00571-2048x1536.jpg 2048w\" sizes=\"auto, (max-width: 1024px) 100vw, 1024px\" \/><\/a><\/figure><\/li><li class=\"blocks-gallery-item\"><figure><a href=\"http:\/\/jardinbotanico.usac.edu.gt\/wp-content\/uploads\/2021\/04\/DSC00563-1024x768.jpg\"><img loading=\"lazy\" decoding=\"async\" width=\"1024\" height=\"768\" src=\"http:\/\/jardinbotanico.usac.edu.gt\/wp-content\/uploads\/2021\/04\/DSC00563-1024x768.jpg\" alt=\"\" data-id=\"758\" data-link=\"http:\/\/jardinbotanico.usac.edu.gt\/?attachment_id=758\" class=\"wp-image-758\" srcset=\"https:\/\/jardinbotanico.usac.edu.gt\/wp-content\/uploads\/2021\/04\/DSC00563-1024x768.jpg 1024w, https:\/\/jardinbotanico.usac.edu.gt\/wp-content\/uploads\/2021\/04\/DSC00563-300x225.jpg 300w, https:\/\/jardinbotanico.usac.edu.gt\/wp-content\/uploads\/2021\/04\/DSC00563-768x576.jpg 768w, https:\/\/jardinbotanico.usac.edu.gt\/wp-content\/uploads\/2021\/04\/DSC00563-1536x1152.jpg 1536w, https:\/\/jardinbotanico.usac.edu.gt\/wp-content\/uploads\/2021\/04\/DSC00563-2048x1536.jpg 2048w\" sizes=\"auto, (max-width: 1024px) 100vw, 1024px\" \/><\/a><\/figure><\/li><li class=\"blocks-gallery-item\"><figure><a href=\"http:\/\/jardinbotanico.usac.edu.gt\/wp-content\/uploads\/2021\/04\/DSC00537-1024x768.jpg\"><img loading=\"lazy\" decoding=\"async\" width=\"1024\" height=\"768\" src=\"http:\/\/jardinbotanico.usac.edu.gt\/wp-content\/uploads\/2021\/04\/DSC00537-1024x768.jpg\" alt=\"\" data-id=\"757\" data-link=\"http:\/\/jardinbotanico.usac.edu.gt\/?attachment_id=757\" class=\"wp-image-757\" srcset=\"https:\/\/jardinbotanico.usac.edu.gt\/wp-content\/uploads\/2021\/04\/DSC00537-1024x768.jpg 1024w, https:\/\/jardinbotanico.usac.edu.gt\/wp-content\/uploads\/2021\/04\/DSC00537-300x225.jpg 300w, https:\/\/jardinbotanico.usac.edu.gt\/wp-content\/uploads\/2021\/04\/DSC00537-768x576.jpg 768w, https:\/\/jardinbotanico.usac.edu.gt\/wp-content\/uploads\/2021\/04\/DSC00537-1536x1152.jpg 1536w, https:\/\/jardinbotanico.usac.edu.gt\/wp-content\/uploads\/2021\/04\/DSC00537-2048x1536.jpg 2048w\" sizes=\"auto, (max-width: 1024px) 100vw, 1024px\" \/><\/a><\/figure><\/li><li class=\"blocks-gallery-item\"><figure><a href=\"http:\/\/jardinbotanico.usac.edu.gt\/wp-content\/uploads\/2021\/04\/DSC00540-1024x768.jpg\"><img loading=\"lazy\" decoding=\"async\" width=\"1024\" height=\"768\" src=\"http:\/\/jardinbotanico.usac.edu.gt\/wp-content\/uploads\/2021\/04\/DSC00540-1024x768.jpg\" alt=\"\" data-id=\"756\" data-link=\"http:\/\/jardinbotanico.usac.edu.gt\/?attachment_id=756\" class=\"wp-image-756\" srcset=\"https:\/\/jardinbotanico.usac.edu.gt\/wp-content\/uploads\/2021\/04\/DSC00540-1024x768.jpg 1024w, https:\/\/jardinbotanico.usac.edu.gt\/wp-content\/uploads\/2021\/04\/DSC00540-300x225.jpg 300w, https:\/\/jardinbotanico.usac.edu.gt\/wp-content\/uploads\/2021\/04\/DSC00540-768x576.jpg 768w, https:\/\/jardinbotanico.usac.edu.gt\/wp-content\/uploads\/2021\/04\/DSC00540-1536x1152.jpg 1536w, https:\/\/jardinbotanico.usac.edu.gt\/wp-content\/uploads\/2021\/04\/DSC00540-2048x1536.jpg 2048w\" sizes=\"auto, (max-width: 1024px) 100vw, 1024px\" \/><\/a><\/figure><\/li><li class=\"blocks-gallery-item\"><figure><a href=\"http:\/\/jardinbotanico.usac.edu.gt\/wp-content\/uploads\/2021\/04\/image-edited.jpeg\"><img loading=\"lazy\" decoding=\"async\" width=\"960\" height=\"540\" src=\"http:\/\/jardinbotanico.usac.edu.gt\/wp-content\/uploads\/2021\/04\/image-edited.jpeg\" alt=\"\" data-id=\"747\" data-link=\"http:\/\/jardinbotanico.usac.edu.gt\/?attachment_id=747\" class=\"wp-image-747\" srcset=\"https:\/\/jardinbotanico.usac.edu.gt\/wp-content\/uploads\/2021\/04\/image-edited.jpeg 960w, https:\/\/jardinbotanico.usac.edu.gt\/wp-content\/uploads\/2021\/04\/image-edited-300x169.jpeg 300w, https:\/\/jardinbotanico.usac.edu.gt\/wp-content\/uploads\/2021\/04\/image-edited-768x432.jpeg 768w, https:\/\/jardinbotanico.usac.edu.gt\/wp-content\/uploads\/2021\/04\/image-edited-528x297.jpeg 528w\" sizes=\"auto, (max-width: 960px) 100vw, 960px\" \/><\/a><\/figure><\/li><\/ul><\/figure>\n","protected":false},"excerpt":{"rendered":"<p>El 31 de mayo en las instalaciones del Museo de Historia Natural y el Jard\u00edn Bot\u00e1nico se llev\u00f3 a cabo el acto de clausura del mes de los museos por la Asociaci\u00f3n de Museos de Guatemala-AMG y a la vez se recibi\u00f3 el \u201cBazar del coleccionista\u201d, donde los visitantes pudieron apreciar las invaluables colecciones y [&hellip;]<\/p>\n","protected":false},"author":1,"featured_media":0,"comment_status":"open","ping_status":"open","sticky":false,"template":"","format":"standard","meta":{"footnotes":""},"categories":[25],"tags":[],"class_list":{"0":"post-431","1":"post","2":"type-post","3":"status-publish","4":"format-standard","6":"category-noticias","7":"czr-hentry"},"_links":{"self":[{"href":"https:\/\/jardinbotanico.usac.edu.gt\/index.php?rest_route=\/wp\/v2\/posts\/431","targetHints":{"allow":["GET"]}}],"collection":[{"href":"https:\/\/jardinbotanico.usac.edu.gt\/index.php?rest_route=\/wp\/v2\/posts"}],"about":[{"href":"https:\/\/jardinbotanico.usac.edu.gt\/index.php?rest_route=\/wp\/v2\/types\/post"}],"author":[{"embeddable":true,"href":"https:\/\/jardinbotanico.usac.edu.gt\/index.php?rest_route=\/wp\/v2\/users\/1"}],"replies":[{"embeddable":true,"href":"https:\/\/jardinbotanico.usac.edu.gt\/index.php?rest_route=%2Fwp%2Fv2%2Fcomments&post=431"}],"version-history":[{"count":6,"href":"https:\/\/jardinbotanico.usac.edu.gt\/index.php?rest_route=\/wp\/v2\/posts\/431\/revisions"}],"predecessor-version":[{"id":765,"href":"https:\/\/jardinbotanico.usac.edu.gt\/index.php?rest_route=\/wp\/v2\/posts\/431\/revisions\/765"}],"wp:attachment":[{"href":"https:\/\/jardinbotanico.usac.edu.gt\/index.php?rest_route=%2Fwp%2Fv2%2Fmedia&parent=431"}],"wp:term":[{"taxonomy":"category","embeddable":true,"href":"https:\/\/jardinbotanico.usac.edu.gt\/index.php?rest_route=%2Fwp%2Fv2%2Fcategories&post=431"},{"taxonomy":"post_tag","embeddable":true,"href":"https:\/\/jardinbotanico.usac.edu.gt\/index.php?rest_route=%2Fwp%2Fv2%2Ftags&post=431"}],"curies":[{"name":"wp","href":"https:\/\/api.w.org\/{rel}","templated":true}]}}