{"id":461,"date":"2014-10-21T22:48:11","date_gmt":"2014-10-21T22:48:11","guid":{"rendered":"http:\/\/c3.usac.edu.gt\/jardinbotanico.usac.edu.gt\/public_html\/?p=461"},"modified":"2026-02-26T16:36:32","modified_gmt":"2026-02-26T16:36:32","slug":"jardines-verticales","status":"publish","type":"post","link":"https:\/\/jardinbotanico.usac.edu.gt\/?p=461","title":{"rendered":"Jardines Verticales"},"content":{"rendered":"\n<div class=\"wp-block-image\"><figure class=\"alignleft\"><img loading=\"lazy\" decoding=\"async\" width=\"300\" height=\"225\" src=\"http:\/\/c3.usac.edu.gt\/jardinbotanico.usac.edu.gt\/public_html\/wp-content\/uploads\/2014\/10\/IMG_20140529_111403-300x225.jpg\" alt=\"\" class=\"wp-image-476\" title=\"IMG_20140529_111403\" srcset=\"https:\/\/jardinbotanico.usac.edu.gt\/wp-content\/uploads\/2014\/10\/IMG_20140529_111403-300x225.jpg 300w, https:\/\/jardinbotanico.usac.edu.gt\/wp-content\/uploads\/2014\/10\/IMG_20140529_111403-1024x768.jpg 1024w\" sizes=\"auto, (max-width: 300px) 100vw, 300px\" \/><\/figure><\/div>\n\n\n\n<p class=\"has-text-align-left\">Las cubiertas vegetales surgen como un nuevo concepto que reverdece paredes y azoteas, maximizando el uso del bien m\u00e1s escaso en las&nbsp;ciudades actuales: El espacio.&nbsp;Pa\u00edses como Alemania o Francia ya recurren a esta modalidad que adem\u00e1s de otorgar un valor est\u00e9tico, a\u00f1ade multitud de ventajas ambientales. El concepto de jardines verticales ya se daba desde la antig\u00fcedad, como en los jardines colgantes de babilonia y luego m\u00e1s tarde como en los patios andaluces.<\/p>\n\n\n\n<p>Los jardines verticales responden m\u00e1s a una necesidad; a un problema que comparten las ciudades del mundo. Las ciudades han sido intensamente densificadas; la misma densidad limita la posibilidad de<\/p>\n\n\n\n<p>que haya parques, \u00e1reas verdes; se siguen construyendo nuevos edificios. La importancia de tener la naturaleza cerca no es s\u00f3lo una cuesti\u00f3n est\u00e9tica, sino por todos los beneficios ambientales que tiene.<br>Surge en los a\u00f1os 60s la posibilidad de plantar no en tierra, sino en substratos textiles. En las ciudades existen millones de metros cuadrados de superficies verticales en desuso (muros) que de otra manera estar\u00edan abandonados. Esta tecnolog\u00eda permite utilizar los edificios existentes como estructura para sobre eso hacer implementaciones. Se juntaron la necesidad y la tecnolog\u00eda que se presta para hacer este tipo de implementaciones.<\/p>\n\n\n\n<p>Les compartimos dos videos en los cuales pueden ver que es muy f\u00e1cil hacer cosas innovadoras que permiten decorar nuestras casas y tambi\u00e9n aumentar los espacios verdes.<\/p>\n\n\n\n<hr class=\"wp-block-separator is-style-wide\"\/>\n\n\n\n<iframe loading=\"lazy\" width=\"560\" height=\"315\" src=\"https:\/\/www.youtube.com\/embed\/Od90DgbYkIY\" title=\"YouTube video player\" frameborder=\"0\" allow=\"accelerometer; autoplay; clipboard-write; encrypted-media; gyroscope; picture-in-picture\" allowfullscreen><\/iframe>\n\n\n\n\n<p><a href=\"https:\/\/www.youtube.com\/watch?v=Dw21y0blytk\">C\u00f3mo hacer una jard\u00edn vertical en una pared<\/a><\/p>\n","protected":false},"excerpt":{"rendered":"<p>Las cubiertas vegetales surgen como un nuevo concepto que reverdece paredes y azoteas, maximizando el uso del bien m\u00e1s escaso en las&nbsp;ciudades actuales: El espacio.&nbsp;Pa\u00edses como Alemania o Francia ya recurren a esta modalidad que adem\u00e1s de otorgar un valor est\u00e9tico, a\u00f1ade multitud de ventajas ambientales. El concepto de jardines verticales ya se daba desde [&hellip;]<\/p>\n","protected":false},"author":1,"featured_media":0,"comment_status":"open","ping_status":"open","sticky":false,"template":"","format":"standard","meta":{"footnotes":""},"categories":[25],"tags":[11],"class_list":{"0":"post-461","1":"post","2":"type-post","3":"status-publish","4":"format-standard","6":"category-noticias","7":"tag-videos","8":"czr-hentry"},"_links":{"self":[{"href":"https:\/\/jardinbotanico.usac.edu.gt\/index.php?rest_route=\/wp\/v2\/posts\/461","targetHints":{"allow":["GET"]}}],"collection":[{"href":"https:\/\/jardinbotanico.usac.edu.gt\/index.php?rest_route=\/wp\/v2\/posts"}],"about":[{"href":"https:\/\/jardinbotanico.usac.edu.gt\/index.php?rest_route=\/wp\/v2\/types\/post"}],"author":[{"embeddable":true,"href":"https:\/\/jardinbotanico.usac.edu.gt\/index.php?rest_route=\/wp\/v2\/users\/1"}],"replies":[{"embeddable":true,"href":"https:\/\/jardinbotanico.usac.edu.gt\/index.php?rest_route=%2Fwp%2Fv2%2Fcomments&post=461"}],"version-history":[{"count":10,"href":"https:\/\/jardinbotanico.usac.edu.gt\/index.php?rest_route=\/wp\/v2\/posts\/461\/revisions"}],"predecessor-version":[{"id":621,"href":"https:\/\/jardinbotanico.usac.edu.gt\/index.php?rest_route=\/wp\/v2\/posts\/461\/revisions\/621"}],"wp:attachment":[{"href":"https:\/\/jardinbotanico.usac.edu.gt\/index.php?rest_route=%2Fwp%2Fv2%2Fmedia&parent=461"}],"wp:term":[{"taxonomy":"category","embeddable":true,"href":"https:\/\/jardinbotanico.usac.edu.gt\/index.php?rest_route=%2Fwp%2Fv2%2Fcategories&post=461"},{"taxonomy":"post_tag","embeddable":true,"href":"https:\/\/jardinbotanico.usac.edu.gt\/index.php?rest_route=%2Fwp%2Fv2%2Ftags&post=461"}],"curies":[{"name":"wp","href":"https:\/\/api.w.org\/{rel}","templated":true}]}}