{"id":920,"date":"2024-01-19T22:28:50","date_gmt":"2024-01-19T22:28:50","guid":{"rendered":"https:\/\/jardinbotanico.usac.edu.gt\/?p=920"},"modified":"2026-02-26T17:25:30","modified_gmt":"2026-02-26T17:25:30","slug":"dia-mundial-de-las-abejas","status":"publish","type":"post","link":"https:\/\/jardinbotanico.usac.edu.gt\/?p=920","title":{"rendered":"D\u00eda Mundial de las Abejas"},"content":{"rendered":"\n<div class=\"wp-block-media-text is-stacked-on-mobile\" style=\"grid-template-columns:26% auto\"><figure class=\"wp-block-media-text__media\"><img loading=\"lazy\" decoding=\"async\" width=\"576\" height=\"1024\" src=\"https:\/\/jardinbotanico.usac.edu.gt\/wp-content\/uploads\/2024\/01\/Abejas-1-1-576x1024.jpg\" alt=\"\" class=\"wp-image-921 size-full\" srcset=\"https:\/\/jardinbotanico.usac.edu.gt\/wp-content\/uploads\/2024\/01\/Abejas-1-1-576x1024.jpg 576w, https:\/\/jardinbotanico.usac.edu.gt\/wp-content\/uploads\/2024\/01\/Abejas-1-1-169x300.jpg 169w, https:\/\/jardinbotanico.usac.edu.gt\/wp-content\/uploads\/2024\/01\/Abejas-1-1.jpg 720w\" sizes=\"auto, (max-width: 576px) 100vw, 576px\" \/><\/figure><div class=\"wp-block-media-text__content\">\n<p class=\"has-medium-font-size\">Anualmente en el Jard\u00edn Bot\u00e1nico se realiza la actividad del D\u00eda Mundial de las Abejas, esto con el apoyo de la Unidad de Biodiversidad del Centro de Estudios Conservacionistas, quienes cuentan con una gran experiencia en la investigaci\u00f3n cient\u00edfica sobre abejas en nuestro pa\u00eds.  En el a\u00f1o 2023 se recibieron m\u00e1s de mil visitantes durante la realizaci\u00f3n de esta actividad educativa. Ni\u00f1os y adultos conocieron m\u00e1s sobre la diversidad de este grupo fascinante de insectos de la mano de expertos en  Biolog\u00eda. <\/p>\n\n\n\n<p class=\"has-medium-font-size\">En el Jard\u00edn  Bot\u00e1nico estamos conscientes que la educaci\u00f3n ambiental dirigida a las familias es lo que puede provocar un cambio significativo en el cuidado de nuestro planeta. <\/p>\n\n\n\n<p class=\"has-medium-font-size\">Para saber la fecha exacta de este evento, mantente conectado a nuestras redes sociales en Facebook, Instagram y Tik Tok, donde anunciamos este y otros eventos.  <\/p>\n<\/div><\/div>\n\n\n\n<div class=\"wp-block-group has-medium-font-size\"><div class=\"wp-block-group__inner-container is-layout-constrained wp-block-group-is-layout-constrained\">\n<figure class=\"wp-block-gallery has-nested-images columns-default is-cropped wp-block-gallery-1 is-layout-flex wp-block-gallery-is-layout-flex\">\n<figure class=\"wp-block-image size-large is-style-rounded\"><a href=\"https:\/\/jardinbotanico.usac.edu.gt\/wp-content\/uploads\/2021\/04\/94390406_1072754579765429_4046500865240989696_n.jpg\"><img loading=\"lazy\" decoding=\"async\" width=\"1024\" height=\"683\" data-id=\"657\" src=\"https:\/\/jardinbotanico.usac.edu.gt\/wp-content\/uploads\/2021\/04\/94390406_1072754579765429_4046500865240989696_n-1024x683.jpg\" alt=\"\" class=\"wp-image-657\" srcset=\"https:\/\/jardinbotanico.usac.edu.gt\/wp-content\/uploads\/2021\/04\/94390406_1072754579765429_4046500865240989696_n-1024x683.jpg 1024w, https:\/\/jardinbotanico.usac.edu.gt\/wp-content\/uploads\/2021\/04\/94390406_1072754579765429_4046500865240989696_n-300x200.jpg 300w, https:\/\/jardinbotanico.usac.edu.gt\/wp-content\/uploads\/2021\/04\/94390406_1072754579765429_4046500865240989696_n-768x512.jpg 768w, https:\/\/jardinbotanico.usac.edu.gt\/wp-content\/uploads\/2021\/04\/94390406_1072754579765429_4046500865240989696_n-1536x1024.jpg 1536w, https:\/\/jardinbotanico.usac.edu.gt\/wp-content\/uploads\/2021\/04\/94390406_1072754579765429_4046500865240989696_n.jpg 2048w\" sizes=\"auto, (max-width: 1024px) 100vw, 1024px\" \/><\/a><\/figure>\n\n\n\n<figure class=\"wp-block-image size-large is-style-rounded\"><a href=\"https:\/\/jardinbotanico.usac.edu.gt\/wp-content\/uploads\/2021\/04\/94128375_1072754569765430_1944081852356624384_n.jpg\"><img loading=\"lazy\" decoding=\"async\" width=\"1024\" height=\"683\" data-id=\"656\" src=\"https:\/\/jardinbotanico.usac.edu.gt\/wp-content\/uploads\/2021\/04\/94128375_1072754569765430_1944081852356624384_n-1024x683.jpg\" alt=\"\" class=\"wp-image-656\" srcset=\"https:\/\/jardinbotanico.usac.edu.gt\/wp-content\/uploads\/2021\/04\/94128375_1072754569765430_1944081852356624384_n-1024x683.jpg 1024w, https:\/\/jardinbotanico.usac.edu.gt\/wp-content\/uploads\/2021\/04\/94128375_1072754569765430_1944081852356624384_n-300x200.jpg 300w, https:\/\/jardinbotanico.usac.edu.gt\/wp-content\/uploads\/2021\/04\/94128375_1072754569765430_1944081852356624384_n-768x512.jpg 768w, https:\/\/jardinbotanico.usac.edu.gt\/wp-content\/uploads\/2021\/04\/94128375_1072754569765430_1944081852356624384_n-1536x1024.jpg 1536w, https:\/\/jardinbotanico.usac.edu.gt\/wp-content\/uploads\/2021\/04\/94128375_1072754569765430_1944081852356624384_n.jpg 2048w\" sizes=\"auto, (max-width: 1024px) 100vw, 1024px\" \/><\/a><\/figure>\n\n\n\n<figure class=\"wp-block-image size-large is-style-rounded\"><a href=\"https:\/\/jardinbotanico.usac.edu.gt\/wp-content\/uploads\/2024\/01\/Abejas-2.jpg\"><img loading=\"lazy\" decoding=\"async\" width=\"1024\" height=\"576\" data-id=\"922\" src=\"https:\/\/jardinbotanico.usac.edu.gt\/wp-content\/uploads\/2024\/01\/Abejas-2-1024x576.jpg\" alt=\"\" class=\"wp-image-922\" srcset=\"https:\/\/jardinbotanico.usac.edu.gt\/wp-content\/uploads\/2024\/01\/Abejas-2-1024x576.jpg 1024w, https:\/\/jardinbotanico.usac.edu.gt\/wp-content\/uploads\/2024\/01\/Abejas-2-300x169.jpg 300w, https:\/\/jardinbotanico.usac.edu.gt\/wp-content\/uploads\/2024\/01\/Abejas-2-768x432.jpg 768w, https:\/\/jardinbotanico.usac.edu.gt\/wp-content\/uploads\/2024\/01\/Abejas-2-1110x624.jpg 1110w, https:\/\/jardinbotanico.usac.edu.gt\/wp-content\/uploads\/2024\/01\/Abejas-2-528x297.jpg 528w, https:\/\/jardinbotanico.usac.edu.gt\/wp-content\/uploads\/2024\/01\/Abejas-2.jpg 1280w\" sizes=\"auto, (max-width: 1024px) 100vw, 1024px\" \/><\/a><\/figure>\n\n\n\n<figure class=\"wp-block-image size-large is-style-default\"><a href=\"https:\/\/jardinbotanico.usac.edu.gt\/wp-content\/uploads\/2024\/01\/Abejas3.jpg\"><img loading=\"lazy\" decoding=\"async\" width=\"1024\" height=\"576\" data-id=\"923\" src=\"https:\/\/jardinbotanico.usac.edu.gt\/wp-content\/uploads\/2024\/01\/Abejas3-1024x576.jpg\" alt=\"\" class=\"wp-image-923\" srcset=\"https:\/\/jardinbotanico.usac.edu.gt\/wp-content\/uploads\/2024\/01\/Abejas3-1024x576.jpg 1024w, https:\/\/jardinbotanico.usac.edu.gt\/wp-content\/uploads\/2024\/01\/Abejas3-300x169.jpg 300w, https:\/\/jardinbotanico.usac.edu.gt\/wp-content\/uploads\/2024\/01\/Abejas3-768x432.jpg 768w, https:\/\/jardinbotanico.usac.edu.gt\/wp-content\/uploads\/2024\/01\/Abejas3-1110x624.jpg 1110w, https:\/\/jardinbotanico.usac.edu.gt\/wp-content\/uploads\/2024\/01\/Abejas3-528x297.jpg 528w, https:\/\/jardinbotanico.usac.edu.gt\/wp-content\/uploads\/2024\/01\/Abejas3.jpg 1280w\" sizes=\"auto, (max-width: 1024px) 100vw, 1024px\" \/><\/a><\/figure>\n<\/figure>\n<\/div><\/div>\n","protected":false},"excerpt":{"rendered":"<p>Anualmente en el Jard\u00edn Bot\u00e1nico se realiza la actividad del D\u00eda Mundial de las Abejas, esto con el apoyo de la Unidad de Biodiversidad del Centro de Estudios Conservacionistas, quienes cuentan con una gran experiencia en la investigaci\u00f3n cient\u00edfica sobre abejas en nuestro pa\u00eds. En el a\u00f1o 2023 se recibieron m\u00e1s de mil visitantes durante [&hellip;]<\/p>\n","protected":false},"author":101028,"featured_media":907,"comment_status":"closed","ping_status":"closed","sticky":false,"template":"","format":"standard","meta":{"footnotes":""},"categories":[25],"tags":[],"class_list":{"0":"post-920","1":"post","2":"type-post","3":"status-publish","4":"format-standard","5":"has-post-thumbnail","7":"category-noticias","8":"czr-hentry"},"_links":{"self":[{"href":"https:\/\/jardinbotanico.usac.edu.gt\/index.php?rest_route=\/wp\/v2\/posts\/920","targetHints":{"allow":["GET"]}}],"collection":[{"href":"https:\/\/jardinbotanico.usac.edu.gt\/index.php?rest_route=\/wp\/v2\/posts"}],"about":[{"href":"https:\/\/jardinbotanico.usac.edu.gt\/index.php?rest_route=\/wp\/v2\/types\/post"}],"author":[{"embeddable":true,"href":"https:\/\/jardinbotanico.usac.edu.gt\/index.php?rest_route=\/wp\/v2\/users\/101028"}],"replies":[{"embeddable":true,"href":"https:\/\/jardinbotanico.usac.edu.gt\/index.php?rest_route=%2Fwp%2Fv2%2Fcomments&post=920"}],"version-history":[{"count":2,"href":"https:\/\/jardinbotanico.usac.edu.gt\/index.php?rest_route=\/wp\/v2\/posts\/920\/revisions"}],"predecessor-version":[{"id":925,"href":"https:\/\/jardinbotanico.usac.edu.gt\/index.php?rest_route=\/wp\/v2\/posts\/920\/revisions\/925"}],"wp:featuredmedia":[{"embeddable":true,"href":"https:\/\/jardinbotanico.usac.edu.gt\/index.php?rest_route=\/wp\/v2\/media\/907"}],"wp:attachment":[{"href":"https:\/\/jardinbotanico.usac.edu.gt\/index.php?rest_route=%2Fwp%2Fv2%2Fmedia&parent=920"}],"wp:term":[{"taxonomy":"category","embeddable":true,"href":"https:\/\/jardinbotanico.usac.edu.gt\/index.php?rest_route=%2Fwp%2Fv2%2Fcategories&post=920"},{"taxonomy":"post_tag","embeddable":true,"href":"https:\/\/jardinbotanico.usac.edu.gt\/index.php?rest_route=%2Fwp%2Fv2%2Ftags&post=920"}],"curies":[{"name":"wp","href":"https:\/\/api.w.org\/{rel}","templated":true}]}}